{"id":1830,"date":"2025-09-11T09:27:38","date_gmt":"2025-09-11T14:27:38","guid":{"rendered":"https:\/\/cecitech.com\/?p=1830"},"modified":"2025-09-11T09:27:38","modified_gmt":"2025-09-11T14:27:38","slug":"bonne-rentree-a-tous-les-eleves","status":"publish","type":"post","link":"https:\/\/cecitech.com\/?p=1830","title":{"rendered":"Bonne rentr\u00e9e \u00e0 tous les \u00e9l\u00e8ves !"},"content":{"rendered":"\n<figure class=\"wp-block-image size-full\"><img loading=\"lazy\" decoding=\"async\" width=\"787\" height=\"355\" src=\"https:\/\/cecitech.com\/wp-content\/uploads\/2025\/09\/143e896ba076f5c5fd3e7b41038ec33e_bonne-rent.jpg\" alt=\"\" class=\"wp-image-1831\" srcset=\"https:\/\/cecitech.com\/wp-content\/uploads\/2025\/09\/143e896ba076f5c5fd3e7b41038ec33e_bonne-rent.jpg 787w, https:\/\/cecitech.com\/wp-content\/uploads\/2025\/09\/143e896ba076f5c5fd3e7b41038ec33e_bonne-rent-300x135.jpg 300w, https:\/\/cecitech.com\/wp-content\/uploads\/2025\/09\/143e896ba076f5c5fd3e7b41038ec33e_bonne-rent-768x346.jpg 768w, https:\/\/cecitech.com\/wp-content\/uploads\/2025\/09\/143e896ba076f5c5fd3e7b41038ec33e_bonne-rent-600x271.jpg 600w\" sizes=\"auto, (max-width: 787px) 100vw, 787px\" \/><\/figure>\n\n\n\n<p><strong>Bonne rentr\u00e9e \u00e0 tous les \u00e9l\u00e8ves !<\/strong><\/p>\n\n\n\n<p>En ce d\u00e9but d\u2019ann\u00e9e scolaire, je souhaite \u00e0 chacun \u2013 \u00e9l\u00e8ves, enseignants, personnels \u00e9ducatifs et familles \u2013 une rentr\u00e9e pleine d\u2019\u00e9nergie, de d\u00e9couvertes et de r\u00e9ussites. Mais en ce jour si symbolique, une question me revient : Nos \u00e9coles sont-elles r\u00e9ellement accessibles aux \u00e9l\u00e8ves en situation de d\u00e9ficience visuelle ?<\/p>\n\n\n\n<p>Accessibilit\u00e9 des supports p\u00e9dagogiques, signal\u00e9tique adapt\u00e9e, outils num\u00e9riques compatibles avec les lecteurs d\u2019\u00e9cran, formation des enseignants \u00e0 l\u2019inclusion\u2026 Les d\u00e9fis sont nombreux, mais essentiels pour garantir une \u00e9cole r\u00e9ellement inclusive.<\/p>\n\n\n\n<p>Face \u00e0 ces enjeux, Cecitech est pr\u00eate \u00e0 accompagner les \u00e9tablissements, les enseignants et les \u00e9l\u00e8ves gr\u00e2ce \u00e0 une large gamme de produits adapt\u00e9s aux besoins sp\u00e9cifiques des apprenants d\u00e9ficients visuels. Voici quelques exemples de technologies qui peuvent \u00eatre utilis\u00e9es :<\/p>\n\n\n\n<ul class=\"wp-block-list\">\n<li>\u00a0les videos loupes portable avec OCR comme la <strong>CloverBook XL Pro<\/strong>, dot\u00e9e d\u2019un \u00e9cran de 15,6 pouces avec des cam\u00e9ras de gros plan et de loin\/auto-vision.Cet appareil peut aussi lire \u00e0 haute voix les textes affich\u00e9s \u00e0 l&rsquo;\u00e9cran, permettant aux \u00e9l\u00e8ves malvoyants et non-voyants de suivre les cours et de lire les documents.<\/li>\n\n\n\n<li>Braille et afficheurs braille : les afficheurs braille comme le <strong>b.note <\/strong>ou<strong> le b.book<\/strong> peuvent permettre aux \u00e9l\u00e8ves d\u2019acceder le monde informatique en braille, tandis que les imprimantes braille comme les embosseuses <strong>Delta<\/strong> et <strong>Columbia<\/strong> peuvent produire des documents en braille.<\/li>\n\n\n\n<li>Outils de navigation : les outils de navigation peuvent aider les \u00e9l\u00e8ves malvoyants et non-voyants \u00e0 se d\u00e9placer dans l&rsquo;\u00e9cole et \u00e0 trouver les salles de classe.<\/li>\n<\/ul>\n\n\n\n<p>Il est important que chaque \u00e9l\u00e8ve, quelles que soient ses capacit\u00e9s, puisse apprendre dans un environnement pens\u00e9 pour lui. Les \u00e9coles doivent prendre des mesures pour \u00e9valuer les besoins des \u00e9l\u00e8ves, fournir les services et les outils n\u00e9cessaires, et former les enseignants pour soutenir ces \u00e9l\u00e8ves. En travaillant ensemble, nous pouvons cr\u00e9er un environnement scolaire inclusif et accessible pour tous les \u00e9l\u00e8ves.<\/p>\n\n\n\n<p>Bonne rentr\u00e9e \u00e0 tous \u2013 et que cette ann\u00e9e soit celle de tous les progr\u00e8s, y compris en mati\u00e8re d\u2019accessibilit\u00e9 !<\/p>\n","protected":false},"excerpt":{"rendered":"Bonne rentr\u00e9e \u00e0 tous les \u00e9l\u00e8ves ! En ce d\u00e9but d\u2019ann\u00e9e scolaire, je souhaite \u00e0 chacun \u2013 \u00e9l\u00e8ves, enseignants, personnels \u00e9ducatifs et familles \u2013 une rentr\u00e9e pleine d\u2019\u00e9nergie, de d\u00e9couvertes et de r\u00e9ussites. Mais en ce jour si symbolique, une question me revient : Nos \u00e9coles sont-elles r\u00e9ellement accessibles aux \u00e9l\u00e8ves en situation de d\u00e9ficience [&hellip;]","protected":false},"author":1,"featured_media":0,"comment_status":"open","ping_status":"open","sticky":false,"template":"","format":"standard","meta":{"footnotes":""},"categories":[1],"tags":[],"class_list":["post-1830","post","type-post","status-publish","format-standard","hentry","category-actualite"],"_links":{"self":[{"href":"https:\/\/cecitech.com\/index.php?rest_route=\/wp\/v2\/posts\/1830","targetHints":{"allow":["GET"]}}],"collection":[{"href":"https:\/\/cecitech.com\/index.php?rest_route=\/wp\/v2\/posts"}],"about":[{"href":"https:\/\/cecitech.com\/index.php?rest_route=\/wp\/v2\/types\/post"}],"author":[{"embeddable":true,"href":"https:\/\/cecitech.com\/index.php?rest_route=\/wp\/v2\/users\/1"}],"replies":[{"embeddable":true,"href":"https:\/\/cecitech.com\/index.php?rest_route=%2Fwp%2Fv2%2Fcomments&post=1830"}],"version-history":[{"count":1,"href":"https:\/\/cecitech.com\/index.php?rest_route=\/wp\/v2\/posts\/1830\/revisions"}],"predecessor-version":[{"id":1832,"href":"https:\/\/cecitech.com\/index.php?rest_route=\/wp\/v2\/posts\/1830\/revisions\/1832"}],"wp:attachment":[{"href":"https:\/\/cecitech.com\/index.php?rest_route=%2Fwp%2Fv2%2Fmedia&parent=1830"}],"wp:term":[{"taxonomy":"category","embeddable":true,"href":"https:\/\/cecitech.com\/index.php?rest_route=%2Fwp%2Fv2%2Fcategories&post=1830"},{"taxonomy":"post_tag","embeddable":true,"href":"https:\/\/cecitech.com\/index.php?rest_route=%2Fwp%2Fv2%2Ftags&post=1830"}],"curies":[{"name":"wp","href":"https:\/\/api.w.org\/{rel}","templated":true}]}}